{"id":12699,"date":"2016-07-14T10:02:13","date_gmt":"2016-07-14T08:02:13","guid":{"rendered":"http:\/\/dentalesparreguera.com\/?p=12699\/"},"modified":"2017-04-03T16:41:18","modified_gmt":"2017-04-03T14:41:18","slug":"acord-internacional-sobre-el-mercuri","status":"publish","type":"post","link":"https:\/\/dentalesparreguera.com\/ca\/acord-internacional-sobre-el-mercuri\/","title":{"rendered":"Acord internacional sobre el mercuri"},"content":{"rendered":"<p>La Convenci\u00f3 de Minamata sobre el Mercuri \u00e9s un tractat mundial per protegir la salut humana i el medi ambient davant els efectes adversos del mercuri. Aquesta convenci\u00f3 rep el seu nom en commemoraci\u00f3 a una ciutat Japonesa on milers de persones van ser contaminades amb aquest metall\u00a0t\u00f2xic, el qual es trobava present en l&#8217;aigua.<\/p>\n<p>\u00c9s considerat un dels acords legals i internacionals, m\u00e9s importants en relaci\u00f3 a l&#8217;\u00fas del mercuri.\u00a0Aix\u00f2 t\u00e9 la finalitat d&#8217;implementar mesures per protegir la salut de les persones i el medi ambient dels seus efectes adversos.<\/p>\n<p>La Convenci\u00f3 crida l&#8217;atenci\u00f3 sobre un metall global i omnipresent que, si b\u00e9 d&#8217;origen natural, t\u00e9 \u00e0mplies aplicacions en objectes d&#8217;\u00fas quotidi\u00e0 i s&#8217;allibera a l&#8217;atmosfera, el s\u00f2l i l&#8217;aigua d&#8217;una varietat de fonts.<\/p>\n<p>El control de les emissions antropog\u00e8niques de mercuri al llarg del seu cicle de vida ha estat un factor clau en la conformaci\u00f3 de les obligacions de la Convenci\u00f3. Els aspectes m\u00e9s destacats de la Convenci\u00f3 de Minamata inclouen la prohibici\u00f3 de noves mines de mercuri, l&#8217;eliminaci\u00f3 de les existents, la reducci\u00f3 gradual de l&#8217;\u00fas de mercuri en una s\u00e8rie de productes i processos, mesures de control de les emissions a l&#8217;atmosfera i sobre les emissions a la terra i aigua.<\/p>\n<p>La Convenci\u00f3 tamb\u00e9 s&#8217;ocupa d&#8217;emmagatzematge provisional de mercuri i la seva eliminaci\u00f3 una vegada que es converteix en residu, els llocs contaminats amb mercuri, aix\u00ed com problemes de salut.<\/p>\n<p>&nbsp;<\/p>\n<div id=\"attachment_12160\" style=\"width: 469px\" class=\"wp-caption aligncenter\"><a href=\"http:\/\/dentalesparreguera.com\/wp-content\/uploads\/2016\/07\/oen1226a1.jpg\"><img fetchpriority=\"high\" fetchpriority=\"high\" decoding=\"async\" aria-describedby=\"caption-attachment-12160\" class=\"wp-image-12160\" src=\"http:\/\/dentalesparreguera.com\/wp-content\/uploads\/2016\/07\/oen1226a1-300x200.jpg\" alt=\"oen1226a1\" width=\"459\" height=\"306\" srcset=\"https:\/\/dentalesparreguera.com\/wp-content\/uploads\/2016\/07\/oen1226a1-300x200.jpg 300w, https:\/\/dentalesparreguera.com\/wp-content\/uploads\/2016\/07\/oen1226a1.jpg 700w\" sizes=\"(max-width: 459px) 100vw, 459px\" \/><\/a><p id=\"caption-attachment-12160\" class=\"wp-caption-text\">Departament del INC7 i Secret\u00e0ria Interna de la Convenci\u00f3 de Minamata sobre el mercuri<\/p><\/div>\n<p>&nbsp;<\/p>\n<p>M\u00e9s de 550 representants han acudit a la setena sessi\u00f3 del Intergovernmental Negotiating Committee on Mercury (INC7) Jord\u00e0nia, la qual finalitzar\u00e0 a Minamata per a culminar la Minamata Convention on Mercury.<\/p>\n<p>Tot part d&#8217;aquesta afirmaci\u00f3 que es troba plasmada en l&#8217;acord: &#8220;El mercuri \u00e9s un producte qu\u00edmic de preocupaci\u00f3 mundial per la seva transport a llarga dist\u00e0ncia en l&#8217;atmosfera, la seva persist\u00e8ncia en el medi ambient despr\u00e9s de la seva introducci\u00f3 antrop\u00f3gena, la seva capacitat de bioacumulaci\u00f3 en els ecosistemes i els seus importants efectes adversos per a la salut humana i el medi ambient. &#8221; Arran d&#8217;aquesta informaci\u00f3 s&#8217;inicia el debat per establir quines noves mesures s&#8217;han d&#8217;implementar, quins han de ser refor\u00e7ades i quines no tenen efectivitat.<\/p>\n<p>Adoptant aquest tractat els governs estan d&#8217;acord en el desenvolupament i la implementaci\u00f3 d&#8217;estrat\u00e8gies nacionals per a reduir o eliminar la producci\u00f3 i l&#8217;\u00fas industrial d&#8217;aquesta subst\u00e0ncia. A la data, 128 pa\u00efsos han signat i 23 dels 50 necessaris perqu\u00e8 entri en vig\u00e8ncia el nou tractat aquest any ja han expressat la seva conformitat.<\/p>\n<p><strong>El tractat posseeix tamb\u00e9 implicacions per a la ind\u00fastria odontol\u00f2gica<\/strong>, ja que l&#8217;amalgama cont\u00e9 un 50% de mercuri.<\/p>\n<p>El metall, quan \u00e9s alliberat des de les ind\u00fastries, pot circular i acumular-se en l&#8217;aigua i el s\u00f2l per molts anys.<\/p>\n<p>El mineral m\u00e9s important del mercuri \u00e9s el cinabri, les majors reserves mineres es troben a Espanya, a la localitat d&#8217;Almad\u00e9n (Ciudad Real). El mercuri \u00e9s extret del subs\u00f2l, posteriorment \u00e9s netejat i distribu\u00eft.<\/p>\n<p><a href=\"http:\/\/www.mercuryconvention.org\/Convention\/tabid\/3426\/Default.aspx\" target=\"_blank\">FONT<\/a><\/p>\n","protected":false},"excerpt":{"rendered":"<p>La Convenci\u00f3 de Minamata sobre el Mercuri \u00e9s un tractat mundial per protegir la salut humana i el medi ambient davant els efectes adversos del mercuri. Aquesta convenci\u00f3 rep el seu nom en commemoraci\u00f3 a una ciutat Japonesa on milers de persones van ser contaminades amb aquest metall\u00a0t\u00f2xic, el qual es trobava present en l&#8217;aigua. [&hellip;]<\/p>\n","protected":false},"author":3,"featured_media":12161,"comment_status":"open","ping_status":"open","sticky":false,"template":"","format":"standard","meta":{"_et_pb_use_builder":"","_et_pb_old_content":"","_et_gb_content_width":"","_joinchat":[],"footnotes":""},"categories":[48],"tags":[],"class_list":["post-12699","post","type-post","status-publish","format-standard","has-post-thumbnail","hentry","category-curiositats"],"yoast_head":"<!-- This site is optimized with the Yoast SEO plugin v27.4 - https:\/\/yoast.com\/product\/yoast-seo-wordpress\/ -->\n<title>Acord internacional sobre el mercuri - Mima Cl\u00ednica Dental<\/title>\n<meta name=\"description\" content=\"La Convenci\u00f3 de Minamata sobre el Mercuri \u00e9s un tractat mundial per protegir la salut humana i el medi ambient davant els efectes adversos del mercuri.\" \/>\n<meta name=\"robots\" content=\"index, follow, max-snippet:-1, max-image-preview:large, max-video-preview:-1\" \/>\n<link rel=\"canonical\" href=\"https:\/\/dentalesparreguera.com\/ca\/acord-internacional-sobre-el-mercuri\/\" \/>\n<meta property=\"og:locale\" content=\"ca_ES\" \/>\n<meta property=\"og:type\" content=\"article\" \/>\n<meta property=\"og:title\" content=\"Acord internacional sobre el mercuri - Mima Cl\u00ednica Dental\" \/>\n<meta property=\"og:description\" content=\"La Convenci\u00f3 de Minamata sobre el Mercuri \u00e9s un tractat mundial per protegir la salut humana i el medi ambient davant els efectes adversos del mercuri.\" \/>\n<meta property=\"og:url\" content=\"https:\/\/dentalesparreguera.com\/ca\/acord-internacional-sobre-el-mercuri\/\" \/>\n<meta property=\"og:site_name\" content=\"Mima Cl\u00ednica Dental\" \/>\n<meta property=\"article:publisher\" content=\"https:\/\/www.facebook.com\/dentalesparreguera\/\" \/>\n<meta property=\"article:published_time\" content=\"2016-07-14T08:02:13+00:00\" \/>\n<meta property=\"article:modified_time\" content=\"2017-04-03T14:41:18+00:00\" \/>\n<meta property=\"og:image\" content=\"https:\/\/dentalesparreguera.com\/wp-content\/uploads\/2016\/07\/mercury-35064_640-1.png\" \/>\n\t<meta property=\"og:image:width\" content=\"640\" \/>\n\t<meta property=\"og:image:height\" content=\"473\" \/>\n\t<meta property=\"og:image:type\" content=\"image\/png\" \/>\n<meta name=\"author\" content=\"Mireya\" \/>\n<meta name=\"twitter:card\" content=\"summary_large_image\" \/>\n<meta name=\"twitter:label1\" content=\"Escrit per\" \/>\n\t<meta name=\"twitter:data1\" content=\"Mireya\" \/>\n\t<meta name=\"twitter:label2\" content=\"Temps estimat de lectura\" \/>\n\t<meta name=\"twitter:data2\" content=\"3 minuts\" \/>\n<script type=\"application\/ld+json\" class=\"yoast-schema-graph\">{\"@context\":\"https:\\\/\\\/schema.org\",\"@graph\":[{\"@type\":\"Article\",\"@id\":\"https:\\\/\\\/dentalesparreguera.com\\\/ca\\\/acord-internacional-sobre-el-mercuri\\\/#article\",\"isPartOf\":{\"@id\":\"https:\\\/\\\/dentalesparreguera.com\\\/ca\\\/acord-internacional-sobre-el-mercuri\\\/\"},\"author\":{\"name\":\"Mireya\",\"@id\":\"https:\\\/\\\/dentalesparreguera.com\\\/ca\\\/#\\\/schema\\\/person\\\/7d1551101e51ed73e4677e2aa83071c6\"},\"headline\":\"Acord internacional sobre el mercuri\",\"datePublished\":\"2016-07-14T08:02:13+00:00\",\"dateModified\":\"2017-04-03T14:41:18+00:00\",\"mainEntityOfPage\":{\"@id\":\"https:\\\/\\\/dentalesparreguera.com\\\/ca\\\/acord-internacional-sobre-el-mercuri\\\/\"},\"wordCount\":562,\"commentCount\":0,\"publisher\":{\"@id\":\"https:\\\/\\\/dentalesparreguera.com\\\/ca\\\/#organization\"},\"image\":{\"@id\":\"https:\\\/\\\/dentalesparreguera.com\\\/ca\\\/acord-internacional-sobre-el-mercuri\\\/#primaryimage\"},\"thumbnailUrl\":\"https:\\\/\\\/dentalesparreguera.com\\\/wp-content\\\/uploads\\\/2016\\\/07\\\/mercury-35064_640-1.png\",\"articleSection\":[\"Curiositats\"],\"inLanguage\":\"ca\",\"potentialAction\":[{\"@type\":\"CommentAction\",\"name\":\"Comment\",\"target\":[\"https:\\\/\\\/dentalesparreguera.com\\\/ca\\\/acord-internacional-sobre-el-mercuri\\\/#respond\"]}]},{\"@type\":\"WebPage\",\"@id\":\"https:\\\/\\\/dentalesparreguera.com\\\/ca\\\/acord-internacional-sobre-el-mercuri\\\/\",\"url\":\"https:\\\/\\\/dentalesparreguera.com\\\/ca\\\/acord-internacional-sobre-el-mercuri\\\/\",\"name\":\"Acord internacional sobre el mercuri - Mima Cl\u00ednica Dental\",\"isPartOf\":{\"@id\":\"https:\\\/\\\/dentalesparreguera.com\\\/ca\\\/#website\"},\"primaryImageOfPage\":{\"@id\":\"https:\\\/\\\/dentalesparreguera.com\\\/ca\\\/acord-internacional-sobre-el-mercuri\\\/#primaryimage\"},\"image\":{\"@id\":\"https:\\\/\\\/dentalesparreguera.com\\\/ca\\\/acord-internacional-sobre-el-mercuri\\\/#primaryimage\"},\"thumbnailUrl\":\"https:\\\/\\\/dentalesparreguera.com\\\/wp-content\\\/uploads\\\/2016\\\/07\\\/mercury-35064_640-1.png\",\"datePublished\":\"2016-07-14T08:02:13+00:00\",\"dateModified\":\"2017-04-03T14:41:18+00:00\",\"description\":\"La Convenci\u00f3 de Minamata sobre el Mercuri \u00e9s un tractat mundial per protegir la salut humana i el medi ambient davant els efectes adversos del mercuri.\",\"breadcrumb\":{\"@id\":\"https:\\\/\\\/dentalesparreguera.com\\\/ca\\\/acord-internacional-sobre-el-mercuri\\\/#breadcrumb\"},\"inLanguage\":\"ca\",\"potentialAction\":[{\"@type\":\"ReadAction\",\"target\":[\"https:\\\/\\\/dentalesparreguera.com\\\/ca\\\/acord-internacional-sobre-el-mercuri\\\/\"]}]},{\"@type\":\"ImageObject\",\"inLanguage\":\"ca\",\"@id\":\"https:\\\/\\\/dentalesparreguera.com\\\/ca\\\/acord-internacional-sobre-el-mercuri\\\/#primaryimage\",\"url\":\"https:\\\/\\\/dentalesparreguera.com\\\/wp-content\\\/uploads\\\/2016\\\/07\\\/mercury-35064_640-1.png\",\"contentUrl\":\"https:\\\/\\\/dentalesparreguera.com\\\/wp-content\\\/uploads\\\/2016\\\/07\\\/mercury-35064_640-1.png\",\"width\":640,\"height\":473,\"caption\":\"mercuri\"},{\"@type\":\"BreadcrumbList\",\"@id\":\"https:\\\/\\\/dentalesparreguera.com\\\/ca\\\/acord-internacional-sobre-el-mercuri\\\/#breadcrumb\",\"itemListElement\":[{\"@type\":\"ListItem\",\"position\":1,\"name\":\"Portada\",\"item\":\"https:\\\/\\\/dentalesparreguera.com\\\/ca\\\/\"},{\"@type\":\"ListItem\",\"position\":2,\"name\":\"Acord internacional sobre el mercuri\"}]},{\"@type\":\"WebSite\",\"@id\":\"https:\\\/\\\/dentalesparreguera.com\\\/ca\\\/#website\",\"url\":\"https:\\\/\\\/dentalesparreguera.com\\\/ca\\\/\",\"name\":\"Mima Cl\u00ednica Dental\",\"description\":\"Tu Cl\u00ednica Dental de confianza en Esparreguera\",\"publisher\":{\"@id\":\"https:\\\/\\\/dentalesparreguera.com\\\/ca\\\/#organization\"},\"potentialAction\":[{\"@type\":\"SearchAction\",\"target\":{\"@type\":\"EntryPoint\",\"urlTemplate\":\"https:\\\/\\\/dentalesparreguera.com\\\/ca\\\/?s={search_term_string}\"},\"query-input\":{\"@type\":\"PropertyValueSpecification\",\"valueRequired\":true,\"valueName\":\"search_term_string\"}}],\"inLanguage\":\"ca\"},{\"@type\":\"Organization\",\"@id\":\"https:\\\/\\\/dentalesparreguera.com\\\/ca\\\/#organization\",\"name\":\"Mima Cl\u00ednica Dental\",\"url\":\"https:\\\/\\\/dentalesparreguera.com\\\/ca\\\/\",\"logo\":{\"@type\":\"ImageObject\",\"inLanguage\":\"ca\",\"@id\":\"https:\\\/\\\/dentalesparreguera.com\\\/ca\\\/#\\\/schema\\\/logo\\\/image\\\/\",\"url\":\"https:\\\/\\\/dentalesparreguera.com\\\/wp-content\\\/uploads\\\/2015\\\/08\\\/LOGOS-blog-mimaMIMA-2-150ppp.png\",\"contentUrl\":\"https:\\\/\\\/dentalesparreguera.com\\\/wp-content\\\/uploads\\\/2015\\\/08\\\/LOGOS-blog-mimaMIMA-2-150ppp.png\",\"width\":849,\"height\":403,\"caption\":\"Mima Cl\u00ednica Dental\"},\"image\":{\"@id\":\"https:\\\/\\\/dentalesparreguera.com\\\/ca\\\/#\\\/schema\\\/logo\\\/image\\\/\"},\"sameAs\":[\"https:\\\/\\\/www.facebook.com\\\/dentalesparreguera\\\/\"]},{\"@type\":\"Person\",\"@id\":\"https:\\\/\\\/dentalesparreguera.com\\\/ca\\\/#\\\/schema\\\/person\\\/7d1551101e51ed73e4677e2aa83071c6\",\"name\":\"Mireya\",\"image\":{\"@type\":\"ImageObject\",\"inLanguage\":\"ca\",\"@id\":\"https:\\\/\\\/secure.gravatar.com\\\/avatar\\\/fe707002a8b7fe472c62addedc7f74a06e155ecf48b12b563b52d2021b7e87b3?s=96&d=mm&r=g\",\"url\":\"https:\\\/\\\/secure.gravatar.com\\\/avatar\\\/fe707002a8b7fe472c62addedc7f74a06e155ecf48b12b563b52d2021b7e87b3?s=96&d=mm&r=g\",\"contentUrl\":\"https:\\\/\\\/secure.gravatar.com\\\/avatar\\\/fe707002a8b7fe472c62addedc7f74a06e155ecf48b12b563b52d2021b7e87b3?s=96&d=mm&r=g\",\"caption\":\"Mireya\"}}]}<\/script>\n<!-- \/ Yoast SEO plugin. -->","yoast_head_json":{"title":"Acord internacional sobre el mercuri - Mima Cl\u00ednica Dental","description":"La Convenci\u00f3 de Minamata sobre el Mercuri \u00e9s un tractat mundial per protegir la salut humana i el medi ambient davant els efectes adversos del mercuri.","robots":{"index":"index","follow":"follow","max-snippet":"max-snippet:-1","max-image-preview":"max-image-preview:large","max-video-preview":"max-video-preview:-1"},"canonical":"https:\/\/dentalesparreguera.com\/ca\/acord-internacional-sobre-el-mercuri\/","og_locale":"ca_ES","og_type":"article","og_title":"Acord internacional sobre el mercuri - Mima Cl\u00ednica Dental","og_description":"La Convenci\u00f3 de Minamata sobre el Mercuri \u00e9s un tractat mundial per protegir la salut humana i el medi ambient davant els efectes adversos del mercuri.","og_url":"https:\/\/dentalesparreguera.com\/ca\/acord-internacional-sobre-el-mercuri\/","og_site_name":"Mima Cl\u00ednica Dental","article_publisher":"https:\/\/www.facebook.com\/dentalesparreguera\/","article_published_time":"2016-07-14T08:02:13+00:00","article_modified_time":"2017-04-03T14:41:18+00:00","og_image":[{"width":640,"height":473,"url":"https:\/\/dentalesparreguera.com\/wp-content\/uploads\/2016\/07\/mercury-35064_640-1.png","type":"image\/png"}],"author":"Mireya","twitter_card":"summary_large_image","twitter_misc":{"Escrit per":"Mireya","Temps estimat de lectura":"3 minuts"},"schema":{"@context":"https:\/\/schema.org","@graph":[{"@type":"Article","@id":"https:\/\/dentalesparreguera.com\/ca\/acord-internacional-sobre-el-mercuri\/#article","isPartOf":{"@id":"https:\/\/dentalesparreguera.com\/ca\/acord-internacional-sobre-el-mercuri\/"},"author":{"name":"Mireya","@id":"https:\/\/dentalesparreguera.com\/ca\/#\/schema\/person\/7d1551101e51ed73e4677e2aa83071c6"},"headline":"Acord internacional sobre el mercuri","datePublished":"2016-07-14T08:02:13+00:00","dateModified":"2017-04-03T14:41:18+00:00","mainEntityOfPage":{"@id":"https:\/\/dentalesparreguera.com\/ca\/acord-internacional-sobre-el-mercuri\/"},"wordCount":562,"commentCount":0,"publisher":{"@id":"https:\/\/dentalesparreguera.com\/ca\/#organization"},"image":{"@id":"https:\/\/dentalesparreguera.com\/ca\/acord-internacional-sobre-el-mercuri\/#primaryimage"},"thumbnailUrl":"https:\/\/dentalesparreguera.com\/wp-content\/uploads\/2016\/07\/mercury-35064_640-1.png","articleSection":["Curiositats"],"inLanguage":"ca","potentialAction":[{"@type":"CommentAction","name":"Comment","target":["https:\/\/dentalesparreguera.com\/ca\/acord-internacional-sobre-el-mercuri\/#respond"]}]},{"@type":"WebPage","@id":"https:\/\/dentalesparreguera.com\/ca\/acord-internacional-sobre-el-mercuri\/","url":"https:\/\/dentalesparreguera.com\/ca\/acord-internacional-sobre-el-mercuri\/","name":"Acord internacional sobre el mercuri - Mima Cl\u00ednica Dental","isPartOf":{"@id":"https:\/\/dentalesparreguera.com\/ca\/#website"},"primaryImageOfPage":{"@id":"https:\/\/dentalesparreguera.com\/ca\/acord-internacional-sobre-el-mercuri\/#primaryimage"},"image":{"@id":"https:\/\/dentalesparreguera.com\/ca\/acord-internacional-sobre-el-mercuri\/#primaryimage"},"thumbnailUrl":"https:\/\/dentalesparreguera.com\/wp-content\/uploads\/2016\/07\/mercury-35064_640-1.png","datePublished":"2016-07-14T08:02:13+00:00","dateModified":"2017-04-03T14:41:18+00:00","description":"La Convenci\u00f3 de Minamata sobre el Mercuri \u00e9s un tractat mundial per protegir la salut humana i el medi ambient davant els efectes adversos del mercuri.","breadcrumb":{"@id":"https:\/\/dentalesparreguera.com\/ca\/acord-internacional-sobre-el-mercuri\/#breadcrumb"},"inLanguage":"ca","potentialAction":[{"@type":"ReadAction","target":["https:\/\/dentalesparreguera.com\/ca\/acord-internacional-sobre-el-mercuri\/"]}]},{"@type":"ImageObject","inLanguage":"ca","@id":"https:\/\/dentalesparreguera.com\/ca\/acord-internacional-sobre-el-mercuri\/#primaryimage","url":"https:\/\/dentalesparreguera.com\/wp-content\/uploads\/2016\/07\/mercury-35064_640-1.png","contentUrl":"https:\/\/dentalesparreguera.com\/wp-content\/uploads\/2016\/07\/mercury-35064_640-1.png","width":640,"height":473,"caption":"mercuri"},{"@type":"BreadcrumbList","@id":"https:\/\/dentalesparreguera.com\/ca\/acord-internacional-sobre-el-mercuri\/#breadcrumb","itemListElement":[{"@type":"ListItem","position":1,"name":"Portada","item":"https:\/\/dentalesparreguera.com\/ca\/"},{"@type":"ListItem","position":2,"name":"Acord internacional sobre el mercuri"}]},{"@type":"WebSite","@id":"https:\/\/dentalesparreguera.com\/ca\/#website","url":"https:\/\/dentalesparreguera.com\/ca\/","name":"Mima Cl\u00ednica Dental","description":"Tu Cl\u00ednica Dental de confianza en Esparreguera","publisher":{"@id":"https:\/\/dentalesparreguera.com\/ca\/#organization"},"potentialAction":[{"@type":"SearchAction","target":{"@type":"EntryPoint","urlTemplate":"https:\/\/dentalesparreguera.com\/ca\/?s={search_term_string}"},"query-input":{"@type":"PropertyValueSpecification","valueRequired":true,"valueName":"search_term_string"}}],"inLanguage":"ca"},{"@type":"Organization","@id":"https:\/\/dentalesparreguera.com\/ca\/#organization","name":"Mima Cl\u00ednica Dental","url":"https:\/\/dentalesparreguera.com\/ca\/","logo":{"@type":"ImageObject","inLanguage":"ca","@id":"https:\/\/dentalesparreguera.com\/ca\/#\/schema\/logo\/image\/","url":"https:\/\/dentalesparreguera.com\/wp-content\/uploads\/2015\/08\/LOGOS-blog-mimaMIMA-2-150ppp.png","contentUrl":"https:\/\/dentalesparreguera.com\/wp-content\/uploads\/2015\/08\/LOGOS-blog-mimaMIMA-2-150ppp.png","width":849,"height":403,"caption":"Mima Cl\u00ednica Dental"},"image":{"@id":"https:\/\/dentalesparreguera.com\/ca\/#\/schema\/logo\/image\/"},"sameAs":["https:\/\/www.facebook.com\/dentalesparreguera\/"]},{"@type":"Person","@id":"https:\/\/dentalesparreguera.com\/ca\/#\/schema\/person\/7d1551101e51ed73e4677e2aa83071c6","name":"Mireya","image":{"@type":"ImageObject","inLanguage":"ca","@id":"https:\/\/secure.gravatar.com\/avatar\/fe707002a8b7fe472c62addedc7f74a06e155ecf48b12b563b52d2021b7e87b3?s=96&d=mm&r=g","url":"https:\/\/secure.gravatar.com\/avatar\/fe707002a8b7fe472c62addedc7f74a06e155ecf48b12b563b52d2021b7e87b3?s=96&d=mm&r=g","contentUrl":"https:\/\/secure.gravatar.com\/avatar\/fe707002a8b7fe472c62addedc7f74a06e155ecf48b12b563b52d2021b7e87b3?s=96&d=mm&r=g","caption":"Mireya"}}]}},"_links":{"self":[{"href":"https:\/\/dentalesparreguera.com\/ca\/wp-json\/wp\/v2\/posts\/12699","targetHints":{"allow":["GET"]}}],"collection":[{"href":"https:\/\/dentalesparreguera.com\/ca\/wp-json\/wp\/v2\/posts"}],"about":[{"href":"https:\/\/dentalesparreguera.com\/ca\/wp-json\/wp\/v2\/types\/post"}],"author":[{"embeddable":true,"href":"https:\/\/dentalesparreguera.com\/ca\/wp-json\/wp\/v2\/users\/3"}],"replies":[{"embeddable":true,"href":"https:\/\/dentalesparreguera.com\/ca\/wp-json\/wp\/v2\/comments?post=12699"}],"version-history":[{"count":3,"href":"https:\/\/dentalesparreguera.com\/ca\/wp-json\/wp\/v2\/posts\/12699\/revisions"}],"predecessor-version":[{"id":12702,"href":"https:\/\/dentalesparreguera.com\/ca\/wp-json\/wp\/v2\/posts\/12699\/revisions\/12702"}],"wp:featuredmedia":[{"embeddable":true,"href":"https:\/\/dentalesparreguera.com\/ca\/wp-json\/wp\/v2\/media\/12161"}],"wp:attachment":[{"href":"https:\/\/dentalesparreguera.com\/ca\/wp-json\/wp\/v2\/media?parent=12699"}],"wp:term":[{"taxonomy":"category","embeddable":true,"href":"https:\/\/dentalesparreguera.com\/ca\/wp-json\/wp\/v2\/categories?post=12699"},{"taxonomy":"post_tag","embeddable":true,"href":"https:\/\/dentalesparreguera.com\/ca\/wp-json\/wp\/v2\/tags?post=12699"}],"curies":[{"name":"wp","href":"https:\/\/api.w.org\/{rel}","templated":true}]}}