{"id":12754,"date":"2016-08-01T10:57:13","date_gmt":"2016-08-01T08:57:13","guid":{"rendered":"http:\/\/dentalesparreguera.com\/operacio-de-mandibula\/"},"modified":"2017-07-27T13:03:35","modified_gmt":"2017-07-27T11:03:35","slug":"operacio-de-mandibula","status":"publish","type":"post","link":"https:\/\/dentalesparreguera.com\/ca\/operacio-de-mandibula\/","title":{"rendered":"Operaci\u00f3 de mand\u00edbula"},"content":{"rendered":"<p>Ellie Jones va n\u00e9ixer amb una malformaci\u00f3 en els ossos de la seva mand\u00edbula, el que no li permetia tenir una vida plena per que no podia tancar completament la seva boca, a m\u00e9s era v\u00edctima de bullying, per aix\u00f2 va decidir anar a un centre odontol\u00f2gic per revertir aquesta situaci\u00f3 i comen\u00e7ar a utilitzar brackets.<\/p>\n<p>La ortodontista d&#8217;Ellie Jones es va adonar que la mand\u00edbula de la petita deixo de desenvolupar-se quan aquesta tenia vuit anys, tamb\u00e9 feia que la seva mossegada no fos correcta, ocasionant-li una enorme multitud de problemes en la seva vida di\u00e0ria.<\/p>\n<p>Li comento de fer cirurgia maxil\u00b7lofacial.<\/p>\n<p><a href=\"http:\/\/dentalesparreguera.com\/wp-content\/uploads\/2016\/08\/5798a7c0a2073_7.jpg\"><img fetchpriority=\"high\" fetchpriority=\"high\" decoding=\"async\" class=\"alignnone size-medium wp-image-12184\" src=\"http:\/\/dentalesparreguera.com\/wp-content\/uploads\/2016\/08\/5798a7c0a2073_7-300x210.jpg\" alt=\"5798a7c0a2073_7\" width=\"300\" height=\"210\" srcset=\"https:\/\/dentalesparreguera.com\/wp-content\/uploads\/2016\/08\/5798a7c0a2073_7-300x210.jpg 300w, https:\/\/dentalesparreguera.com\/wp-content\/uploads\/2016\/08\/5798a7c0a2073_7.jpg 734w\" sizes=\"(max-width: 300px) 100vw, 300px\" \/><\/a><\/p>\n<p>\u00c9s important que el pacient que decideix sotmetre a una cirurgia est\u00e8tica tingui una idea molt clara i concisa del seu objectiu com aix\u00ed tamb\u00e9 dels riscos que pot comportar.<\/p>\n<p>Gr\u00e0cies a la cirurgia la vida de la jove Ellie Jones va canviar radicalment.<\/p>\n<p>La seva primera operaci\u00f3 als 16 va ser molt dolorosa i la va deixar sense poder parlar &#8230;<\/p>\n<p><em>Vaig haver de tenir una dieta l\u00edquida durant aproximadament un mes, que va ser molt dif\u00edcil i no podia parlar b\u00e9. Havia de fer servir un quadern de notes per poder comunicar-me amb els altres. Despr\u00e9s d&#8217;un temps incapacitada vaig ser capa\u00e7 de balbucejar algunes paraules; a m\u00e9s fins i tot vaig tenir un lleu ceceo al principi a causa de la inflor de la meva boca &#8220;.- comentava Ellie Jones a un diari local.<\/em><\/p>\n<p>Gaireb\u00e9 6 mesos despr\u00e9s de l&#8217;operaci\u00f3 la seva cara ja estava b\u00e9. La seva mand\u00edbula havia estat tallada de forma horitzontal i vertical.<\/p>\n<p>Per\u00f2 aix\u00f2 no va ser tot &#8230; un any m\u00e9s tard va optar per una cirurgia correctiva per a la seva barbeta que sempre va sentir que era massa petita. Com vam comentar anteriorment, des dels 8 anys no li havia crescut, de manera que finalment es va decidir a sentir-se b\u00e9 amb ella mateixa.<\/p>\n<p><em>Em vaig sentir principalment alleujada. Vaig sentir que podia ser jo mateixa &#8220;. Jones treballa com a assistent en una botiga i viu al costat del seu pare Simon, la seva mare Natalie i la seva germana Chloe, de 21 anys. L&#8217;operaci\u00f3 li va donar molta confian\u00e7a i el va fer per fi sentir-normal. La noia tamb\u00e9 va dir que la seva nova confian\u00e7a fins i tot l&#8217;ha ajudat a millorar en les seves classes de ball. &#8220;Jo era t\u00edmida, per\u00f2 ara em sento molt confiada. Va canviar la meva vida &#8220;<\/em><\/p>\n<p>Ara vol ser fot\u00f2grafa i la seva mare est\u00e0 donant suport les seves ambicions. &#8220;La cirurgia no nom\u00e9s ha canviat la forma en qu\u00e8 Ellie es veia, sin\u00f3 tamb\u00e9 la forma en qu\u00e8 es retrata a si mateixa. La seva confian\u00e7a ha crescut i s&#8217;ha convertit en una bella jove &#8220;, comenta la seva mare.<\/p>\n<p>Emma Woolley, cirurgiana d&#8217;Ellie Jones, va dir que moltes vegades les persones no s&#8217;adonen que tenen una mand\u00edbula deformada, el que els ocasiona terribles problemes a llarg termini. &#8220;Molta gent en realitat no es d\u00f3na compte que t\u00e9 una mand\u00edbula deformada i simplement accepten que tenen dificultats per mossegar.<\/p>\n<p>En no tractar-se en una edat primerenca, pot causar dificultats reals m\u00e9s endavant en la vida &#8220;.<\/p>\n<p>&#8220;Estic molt contenta de veure que el tractament ha fet una difer\u00e8ncia determinant i li hagi tornat la confian\u00e7a a Ellie&#8221; &#8211; comenta Emma. &#8220;La cirurgia i la medicina han avan\u00e7at durant segles per poder solucionar problemes com aquest. Tenim una responsabilitat amb la gent, si tenen alguna complicaci\u00f3 o algun defecte que els fa estar acomplexats, hem de solucionar-ho &#8220;.<\/p>\n<p>Aquesta ha estat la hist\u00f2ria d&#8217;Ellie Jones. Ella va decidir superar les seves pors per sotmetre a aquesta complicada operaci\u00f3. Tot va sortir divinament, i gr\u00e0cies a aix\u00f2, pot portar una vida normal; ens alegrem molt\u00edssim per ella\u2026<\/p>\n<p><a href=\"http:\/\/www.dailymail.co.uk\/news\/article-3704636\/It-s-changed-life-Shop-assistant-20-tells-pioneering-jaw-surgery-corrected-facial-deformity.html\">FONT<\/a><\/p>\n","protected":false},"excerpt":{"rendered":"<p>Ellie Jones va n\u00e9ixer amb una malformaci\u00f3 en els ossos de la seva mand\u00edbula, el que no li permetia tenir una vida plena per que no podia tancar completament la seva boca, a m\u00e9s era v\u00edctima de bullying, per aix\u00f2 va decidir anar a un centre odontol\u00f2gic per revertir aquesta situaci\u00f3 i comen\u00e7ar a utilitzar [&hellip;]<\/p>\n","protected":false},"author":3,"featured_media":12183,"comment_status":"open","ping_status":"open","sticky":false,"template":"","format":"standard","meta":{"_et_pb_use_builder":"","_et_pb_old_content":"","_et_gb_content_width":"","_joinchat":[],"footnotes":""},"categories":[30],"tags":[126,59,57,70],"class_list":["post-12754","post","type-post","status-publish","format-standard","has-post-thumbnail","hentry","category-mima-2","tag-cirurgia-maxillofacial","tag-curiositats","tag-dents","tag-ortodoncia"],"yoast_head":"<!-- This site is optimized with the Yoast SEO plugin v27.4 - https:\/\/yoast.com\/product\/yoast-seo-wordpress\/ -->\n<title>Operaci\u00f3 de mand\u00edbula - Mima Cl\u00ednica Dental<\/title>\n<meta name=\"description\" content=\"operaci\u00f3 de mand\u00edbula amb \u00e8xit. Gr\u00e0cies a la cirurgia la vida de la jove Ellie Jones va canviar radicalment. Relat i fotos d&#039;operaci\u00f3 de mandibula\" \/>\n<meta name=\"robots\" content=\"index, follow, max-snippet:-1, max-image-preview:large, max-video-preview:-1\" \/>\n<link rel=\"canonical\" href=\"https:\/\/dentalesparreguera.com\/ca\/operacio-de-mandibula\/\" \/>\n<meta property=\"og:locale\" content=\"ca_ES\" \/>\n<meta property=\"og:type\" content=\"article\" \/>\n<meta property=\"og:title\" content=\"Operaci\u00f3 de mand\u00edbula - Mima Cl\u00ednica Dental\" \/>\n<meta property=\"og:description\" content=\"operaci\u00f3 de mand\u00edbula amb \u00e8xit. Gr\u00e0cies a la cirurgia la vida de la jove Ellie Jones va canviar radicalment. Relat i fotos d&#039;operaci\u00f3 de mandibula\" \/>\n<meta property=\"og:url\" content=\"https:\/\/dentalesparreguera.com\/ca\/operacio-de-mandibula\/\" \/>\n<meta property=\"og:site_name\" content=\"Mima Cl\u00ednica Dental\" \/>\n<meta property=\"article:publisher\" content=\"https:\/\/www.facebook.com\/dentalesparreguera\/\" \/>\n<meta property=\"article:published_time\" content=\"2016-08-01T08:57:13+00:00\" \/>\n<meta property=\"article:modified_time\" content=\"2017-07-27T11:03:35+00:00\" \/>\n<meta property=\"og:image\" content=\"https:\/\/dentalesparreguera.com\/wp-content\/uploads\/2016\/08\/5798a80735348_11.jpg\" \/>\n\t<meta property=\"og:image:width\" content=\"734\" \/>\n\t<meta property=\"og:image:height\" content=\"517\" \/>\n\t<meta property=\"og:image:type\" content=\"image\/jpeg\" \/>\n<meta name=\"author\" content=\"Mireya\" \/>\n<meta name=\"twitter:card\" content=\"summary_large_image\" \/>\n<meta name=\"twitter:label1\" content=\"Escrit per\" \/>\n\t<meta name=\"twitter:data1\" content=\"Mireya\" \/>\n\t<meta name=\"twitter:label2\" content=\"Temps estimat de lectura\" \/>\n\t<meta name=\"twitter:data2\" content=\"3 minuts\" \/>\n<script type=\"application\/ld+json\" class=\"yoast-schema-graph\">{\"@context\":\"https:\\\/\\\/schema.org\",\"@graph\":[{\"@type\":\"Article\",\"@id\":\"https:\\\/\\\/dentalesparreguera.com\\\/ca\\\/operacio-de-mandibula\\\/#article\",\"isPartOf\":{\"@id\":\"https:\\\/\\\/dentalesparreguera.com\\\/ca\\\/operacio-de-mandibula\\\/\"},\"author\":{\"name\":\"Mireya\",\"@id\":\"https:\\\/\\\/dentalesparreguera.com\\\/ca\\\/#\\\/schema\\\/person\\\/7d1551101e51ed73e4677e2aa83071c6\"},\"headline\":\"Operaci\u00f3 de mand\u00edbula\",\"datePublished\":\"2016-08-01T08:57:13+00:00\",\"dateModified\":\"2017-07-27T11:03:35+00:00\",\"mainEntityOfPage\":{\"@id\":\"https:\\\/\\\/dentalesparreguera.com\\\/ca\\\/operacio-de-mandibula\\\/\"},\"wordCount\":667,\"commentCount\":0,\"publisher\":{\"@id\":\"https:\\\/\\\/dentalesparreguera.com\\\/ca\\\/#organization\"},\"image\":{\"@id\":\"https:\\\/\\\/dentalesparreguera.com\\\/ca\\\/operacio-de-mandibula\\\/#primaryimage\"},\"thumbnailUrl\":\"https:\\\/\\\/dentalesparreguera.com\\\/wp-content\\\/uploads\\\/2016\\\/08\\\/5798a80735348_11.jpg\",\"keywords\":[\"cirurgia maxil\u00b7lofacial\",\"curiositats\",\"dents\",\"ortodoncia\"],\"articleSection\":[\"Mima\"],\"inLanguage\":\"ca\",\"potentialAction\":[{\"@type\":\"CommentAction\",\"name\":\"Comment\",\"target\":[\"https:\\\/\\\/dentalesparreguera.com\\\/ca\\\/operacio-de-mandibula\\\/#respond\"]}]},{\"@type\":\"WebPage\",\"@id\":\"https:\\\/\\\/dentalesparreguera.com\\\/ca\\\/operacio-de-mandibula\\\/\",\"url\":\"https:\\\/\\\/dentalesparreguera.com\\\/ca\\\/operacio-de-mandibula\\\/\",\"name\":\"Operaci\u00f3 de mand\u00edbula - Mima Cl\u00ednica Dental\",\"isPartOf\":{\"@id\":\"https:\\\/\\\/dentalesparreguera.com\\\/ca\\\/#website\"},\"primaryImageOfPage\":{\"@id\":\"https:\\\/\\\/dentalesparreguera.com\\\/ca\\\/operacio-de-mandibula\\\/#primaryimage\"},\"image\":{\"@id\":\"https:\\\/\\\/dentalesparreguera.com\\\/ca\\\/operacio-de-mandibula\\\/#primaryimage\"},\"thumbnailUrl\":\"https:\\\/\\\/dentalesparreguera.com\\\/wp-content\\\/uploads\\\/2016\\\/08\\\/5798a80735348_11.jpg\",\"datePublished\":\"2016-08-01T08:57:13+00:00\",\"dateModified\":\"2017-07-27T11:03:35+00:00\",\"description\":\"operaci\u00f3 de mand\u00edbula amb \u00e8xit. Gr\u00e0cies a la cirurgia la vida de la jove Ellie Jones va canviar radicalment. Relat i fotos d'operaci\u00f3 de mandibula\",\"breadcrumb\":{\"@id\":\"https:\\\/\\\/dentalesparreguera.com\\\/ca\\\/operacio-de-mandibula\\\/#breadcrumb\"},\"inLanguage\":\"ca\",\"potentialAction\":[{\"@type\":\"ReadAction\",\"target\":[\"https:\\\/\\\/dentalesparreguera.com\\\/ca\\\/operacio-de-mandibula\\\/\"]}]},{\"@type\":\"ImageObject\",\"inLanguage\":\"ca\",\"@id\":\"https:\\\/\\\/dentalesparreguera.com\\\/ca\\\/operacio-de-mandibula\\\/#primaryimage\",\"url\":\"https:\\\/\\\/dentalesparreguera.com\\\/wp-content\\\/uploads\\\/2016\\\/08\\\/5798a80735348_11.jpg\",\"contentUrl\":\"https:\\\/\\\/dentalesparreguera.com\\\/wp-content\\\/uploads\\\/2016\\\/08\\\/5798a80735348_11.jpg\",\"width\":734,\"height\":517,\"caption\":\"operaci\u00f3n de mandibula\"},{\"@type\":\"BreadcrumbList\",\"@id\":\"https:\\\/\\\/dentalesparreguera.com\\\/ca\\\/operacio-de-mandibula\\\/#breadcrumb\",\"itemListElement\":[{\"@type\":\"ListItem\",\"position\":1,\"name\":\"Portada\",\"item\":\"https:\\\/\\\/dentalesparreguera.com\\\/ca\\\/\"},{\"@type\":\"ListItem\",\"position\":2,\"name\":\"Operaci\u00f3 de mand\u00edbula\"}]},{\"@type\":\"WebSite\",\"@id\":\"https:\\\/\\\/dentalesparreguera.com\\\/ca\\\/#website\",\"url\":\"https:\\\/\\\/dentalesparreguera.com\\\/ca\\\/\",\"name\":\"Mima Cl\u00ednica Dental\",\"description\":\"Tu Cl\u00ednica Dental de confianza en Esparreguera\",\"publisher\":{\"@id\":\"https:\\\/\\\/dentalesparreguera.com\\\/ca\\\/#organization\"},\"potentialAction\":[{\"@type\":\"SearchAction\",\"target\":{\"@type\":\"EntryPoint\",\"urlTemplate\":\"https:\\\/\\\/dentalesparreguera.com\\\/ca\\\/?s={search_term_string}\"},\"query-input\":{\"@type\":\"PropertyValueSpecification\",\"valueRequired\":true,\"valueName\":\"search_term_string\"}}],\"inLanguage\":\"ca\"},{\"@type\":\"Organization\",\"@id\":\"https:\\\/\\\/dentalesparreguera.com\\\/ca\\\/#organization\",\"name\":\"Mima Cl\u00ednica Dental\",\"url\":\"https:\\\/\\\/dentalesparreguera.com\\\/ca\\\/\",\"logo\":{\"@type\":\"ImageObject\",\"inLanguage\":\"ca\",\"@id\":\"https:\\\/\\\/dentalesparreguera.com\\\/ca\\\/#\\\/schema\\\/logo\\\/image\\\/\",\"url\":\"https:\\\/\\\/dentalesparreguera.com\\\/wp-content\\\/uploads\\\/2015\\\/08\\\/LOGOS-blog-mimaMIMA-2-150ppp.png\",\"contentUrl\":\"https:\\\/\\\/dentalesparreguera.com\\\/wp-content\\\/uploads\\\/2015\\\/08\\\/LOGOS-blog-mimaMIMA-2-150ppp.png\",\"width\":849,\"height\":403,\"caption\":\"Mima Cl\u00ednica Dental\"},\"image\":{\"@id\":\"https:\\\/\\\/dentalesparreguera.com\\\/ca\\\/#\\\/schema\\\/logo\\\/image\\\/\"},\"sameAs\":[\"https:\\\/\\\/www.facebook.com\\\/dentalesparreguera\\\/\"]},{\"@type\":\"Person\",\"@id\":\"https:\\\/\\\/dentalesparreguera.com\\\/ca\\\/#\\\/schema\\\/person\\\/7d1551101e51ed73e4677e2aa83071c6\",\"name\":\"Mireya\",\"image\":{\"@type\":\"ImageObject\",\"inLanguage\":\"ca\",\"@id\":\"https:\\\/\\\/secure.gravatar.com\\\/avatar\\\/fe707002a8b7fe472c62addedc7f74a06e155ecf48b12b563b52d2021b7e87b3?s=96&d=mm&r=g\",\"url\":\"https:\\\/\\\/secure.gravatar.com\\\/avatar\\\/fe707002a8b7fe472c62addedc7f74a06e155ecf48b12b563b52d2021b7e87b3?s=96&d=mm&r=g\",\"contentUrl\":\"https:\\\/\\\/secure.gravatar.com\\\/avatar\\\/fe707002a8b7fe472c62addedc7f74a06e155ecf48b12b563b52d2021b7e87b3?s=96&d=mm&r=g\",\"caption\":\"Mireya\"}}]}<\/script>\n<!-- \/ Yoast SEO plugin. -->","yoast_head_json":{"title":"Operaci\u00f3 de mand\u00edbula - Mima Cl\u00ednica Dental","description":"operaci\u00f3 de mand\u00edbula amb \u00e8xit. Gr\u00e0cies a la cirurgia la vida de la jove Ellie Jones va canviar radicalment. Relat i fotos d'operaci\u00f3 de mandibula","robots":{"index":"index","follow":"follow","max-snippet":"max-snippet:-1","max-image-preview":"max-image-preview:large","max-video-preview":"max-video-preview:-1"},"canonical":"https:\/\/dentalesparreguera.com\/ca\/operacio-de-mandibula\/","og_locale":"ca_ES","og_type":"article","og_title":"Operaci\u00f3 de mand\u00edbula - Mima Cl\u00ednica Dental","og_description":"operaci\u00f3 de mand\u00edbula amb \u00e8xit. Gr\u00e0cies a la cirurgia la vida de la jove Ellie Jones va canviar radicalment. Relat i fotos d'operaci\u00f3 de mandibula","og_url":"https:\/\/dentalesparreguera.com\/ca\/operacio-de-mandibula\/","og_site_name":"Mima Cl\u00ednica Dental","article_publisher":"https:\/\/www.facebook.com\/dentalesparreguera\/","article_published_time":"2016-08-01T08:57:13+00:00","article_modified_time":"2017-07-27T11:03:35+00:00","og_image":[{"width":734,"height":517,"url":"https:\/\/dentalesparreguera.com\/wp-content\/uploads\/2016\/08\/5798a80735348_11.jpg","type":"image\/jpeg"}],"author":"Mireya","twitter_card":"summary_large_image","twitter_misc":{"Escrit per":"Mireya","Temps estimat de lectura":"3 minuts"},"schema":{"@context":"https:\/\/schema.org","@graph":[{"@type":"Article","@id":"https:\/\/dentalesparreguera.com\/ca\/operacio-de-mandibula\/#article","isPartOf":{"@id":"https:\/\/dentalesparreguera.com\/ca\/operacio-de-mandibula\/"},"author":{"name":"Mireya","@id":"https:\/\/dentalesparreguera.com\/ca\/#\/schema\/person\/7d1551101e51ed73e4677e2aa83071c6"},"headline":"Operaci\u00f3 de mand\u00edbula","datePublished":"2016-08-01T08:57:13+00:00","dateModified":"2017-07-27T11:03:35+00:00","mainEntityOfPage":{"@id":"https:\/\/dentalesparreguera.com\/ca\/operacio-de-mandibula\/"},"wordCount":667,"commentCount":0,"publisher":{"@id":"https:\/\/dentalesparreguera.com\/ca\/#organization"},"image":{"@id":"https:\/\/dentalesparreguera.com\/ca\/operacio-de-mandibula\/#primaryimage"},"thumbnailUrl":"https:\/\/dentalesparreguera.com\/wp-content\/uploads\/2016\/08\/5798a80735348_11.jpg","keywords":["cirurgia maxil\u00b7lofacial","curiositats","dents","ortodoncia"],"articleSection":["Mima"],"inLanguage":"ca","potentialAction":[{"@type":"CommentAction","name":"Comment","target":["https:\/\/dentalesparreguera.com\/ca\/operacio-de-mandibula\/#respond"]}]},{"@type":"WebPage","@id":"https:\/\/dentalesparreguera.com\/ca\/operacio-de-mandibula\/","url":"https:\/\/dentalesparreguera.com\/ca\/operacio-de-mandibula\/","name":"Operaci\u00f3 de mand\u00edbula - Mima Cl\u00ednica Dental","isPartOf":{"@id":"https:\/\/dentalesparreguera.com\/ca\/#website"},"primaryImageOfPage":{"@id":"https:\/\/dentalesparreguera.com\/ca\/operacio-de-mandibula\/#primaryimage"},"image":{"@id":"https:\/\/dentalesparreguera.com\/ca\/operacio-de-mandibula\/#primaryimage"},"thumbnailUrl":"https:\/\/dentalesparreguera.com\/wp-content\/uploads\/2016\/08\/5798a80735348_11.jpg","datePublished":"2016-08-01T08:57:13+00:00","dateModified":"2017-07-27T11:03:35+00:00","description":"operaci\u00f3 de mand\u00edbula amb \u00e8xit. Gr\u00e0cies a la cirurgia la vida de la jove Ellie Jones va canviar radicalment. Relat i fotos d'operaci\u00f3 de mandibula","breadcrumb":{"@id":"https:\/\/dentalesparreguera.com\/ca\/operacio-de-mandibula\/#breadcrumb"},"inLanguage":"ca","potentialAction":[{"@type":"ReadAction","target":["https:\/\/dentalesparreguera.com\/ca\/operacio-de-mandibula\/"]}]},{"@type":"ImageObject","inLanguage":"ca","@id":"https:\/\/dentalesparreguera.com\/ca\/operacio-de-mandibula\/#primaryimage","url":"https:\/\/dentalesparreguera.com\/wp-content\/uploads\/2016\/08\/5798a80735348_11.jpg","contentUrl":"https:\/\/dentalesparreguera.com\/wp-content\/uploads\/2016\/08\/5798a80735348_11.jpg","width":734,"height":517,"caption":"operaci\u00f3n de mandibula"},{"@type":"BreadcrumbList","@id":"https:\/\/dentalesparreguera.com\/ca\/operacio-de-mandibula\/#breadcrumb","itemListElement":[{"@type":"ListItem","position":1,"name":"Portada","item":"https:\/\/dentalesparreguera.com\/ca\/"},{"@type":"ListItem","position":2,"name":"Operaci\u00f3 de mand\u00edbula"}]},{"@type":"WebSite","@id":"https:\/\/dentalesparreguera.com\/ca\/#website","url":"https:\/\/dentalesparreguera.com\/ca\/","name":"Mima Cl\u00ednica Dental","description":"Tu Cl\u00ednica Dental de confianza en Esparreguera","publisher":{"@id":"https:\/\/dentalesparreguera.com\/ca\/#organization"},"potentialAction":[{"@type":"SearchAction","target":{"@type":"EntryPoint","urlTemplate":"https:\/\/dentalesparreguera.com\/ca\/?s={search_term_string}"},"query-input":{"@type":"PropertyValueSpecification","valueRequired":true,"valueName":"search_term_string"}}],"inLanguage":"ca"},{"@type":"Organization","@id":"https:\/\/dentalesparreguera.com\/ca\/#organization","name":"Mima Cl\u00ednica Dental","url":"https:\/\/dentalesparreguera.com\/ca\/","logo":{"@type":"ImageObject","inLanguage":"ca","@id":"https:\/\/dentalesparreguera.com\/ca\/#\/schema\/logo\/image\/","url":"https:\/\/dentalesparreguera.com\/wp-content\/uploads\/2015\/08\/LOGOS-blog-mimaMIMA-2-150ppp.png","contentUrl":"https:\/\/dentalesparreguera.com\/wp-content\/uploads\/2015\/08\/LOGOS-blog-mimaMIMA-2-150ppp.png","width":849,"height":403,"caption":"Mima Cl\u00ednica Dental"},"image":{"@id":"https:\/\/dentalesparreguera.com\/ca\/#\/schema\/logo\/image\/"},"sameAs":["https:\/\/www.facebook.com\/dentalesparreguera\/"]},{"@type":"Person","@id":"https:\/\/dentalesparreguera.com\/ca\/#\/schema\/person\/7d1551101e51ed73e4677e2aa83071c6","name":"Mireya","image":{"@type":"ImageObject","inLanguage":"ca","@id":"https:\/\/secure.gravatar.com\/avatar\/fe707002a8b7fe472c62addedc7f74a06e155ecf48b12b563b52d2021b7e87b3?s=96&d=mm&r=g","url":"https:\/\/secure.gravatar.com\/avatar\/fe707002a8b7fe472c62addedc7f74a06e155ecf48b12b563b52d2021b7e87b3?s=96&d=mm&r=g","contentUrl":"https:\/\/secure.gravatar.com\/avatar\/fe707002a8b7fe472c62addedc7f74a06e155ecf48b12b563b52d2021b7e87b3?s=96&d=mm&r=g","caption":"Mireya"}}]}},"_links":{"self":[{"href":"https:\/\/dentalesparreguera.com\/ca\/wp-json\/wp\/v2\/posts\/12754","targetHints":{"allow":["GET"]}}],"collection":[{"href":"https:\/\/dentalesparreguera.com\/ca\/wp-json\/wp\/v2\/posts"}],"about":[{"href":"https:\/\/dentalesparreguera.com\/ca\/wp-json\/wp\/v2\/types\/post"}],"author":[{"embeddable":true,"href":"https:\/\/dentalesparreguera.com\/ca\/wp-json\/wp\/v2\/users\/3"}],"replies":[{"embeddable":true,"href":"https:\/\/dentalesparreguera.com\/ca\/wp-json\/wp\/v2\/comments?post=12754"}],"version-history":[{"count":3,"href":"https:\/\/dentalesparreguera.com\/ca\/wp-json\/wp\/v2\/posts\/12754\/revisions"}],"predecessor-version":[{"id":12757,"href":"https:\/\/dentalesparreguera.com\/ca\/wp-json\/wp\/v2\/posts\/12754\/revisions\/12757"}],"wp:featuredmedia":[{"embeddable":true,"href":"https:\/\/dentalesparreguera.com\/ca\/wp-json\/wp\/v2\/media\/12183"}],"wp:attachment":[{"href":"https:\/\/dentalesparreguera.com\/ca\/wp-json\/wp\/v2\/media?parent=12754"}],"wp:term":[{"taxonomy":"category","embeddable":true,"href":"https:\/\/dentalesparreguera.com\/ca\/wp-json\/wp\/v2\/categories?post=12754"},{"taxonomy":"post_tag","embeddable":true,"href":"https:\/\/dentalesparreguera.com\/ca\/wp-json\/wp\/v2\/tags?post=12754"}],"curies":[{"name":"wp","href":"https:\/\/api.w.org\/{rel}","templated":true}]}}